{"id":860,"date":"2010-09-15T01:00:00","date_gmt":"2010-09-15T01:00:00","guid":{"rendered":"http:\/\/h2214820.stratoserver.net\/?p=860"},"modified":"2014-01-22T22:37:52","modified_gmt":"2014-01-22T22:37:52","slug":"adolf-hofer-retrospektive-eines-scholle-malers-forschung-am-museum","status":"publish","type":"post","link":"https:\/\/margarete.meggle-freund.de\/?p=860","title":{"rendered":"Adolf H\u00f6fer-Retrospektive eines Schollemalers. Forschung am Museum"},"content":{"rendered":"<p>    <a class=\"alignleft\" data-spotlight=\"on\" data-lightbox href=\"wp-content\/uploads\/2010\/09\/hoefer.jpg\"><img alt=\" Johann Georg von Dillis: Ansicht von Wolfsegg, Privatbesitz\"\n    border=\"0\"  src=\n    \"wp-content\/uploads\/2010\/09\/hoefer.jpg\"\n     title=\n    \"Titel des Kataloges Adolf H\u00f6fer - Retrospektive eines Schollemalers, Landsberg 2010\"\n    width=\"200\"><\/a><\/p>\n<p>Der Maler Adolf H\u00f6fer ist ein wichtiger Vertreter der M\u00fcnchner K\u00fcnstlergruppe \u201cDie Scholle\u201c. Die Scholle\u201c steht f\u00fcr den&nbsp; Aufbruch der Malerei um 1900 zur Moderne.<\/p>\n<p>Auf dem Kunstmarkt tauchten in den letzten Jahrzehnten nur wenige Werke unter dem Namen Adolf H\u00f6fers auf. So schien es, dass von ihm nur ein sehr kleines Oeuvre existiere. Die Kunsthistorikerin Simone Brehmer identifiziert nun 70 Gem\u00e4lde und stellt \u00fcber 40 grafische Werke und Zeichnungen zusammen. Der Katalog rekonstruiert aus unver\u00f6ffentlichten Familienquellen das tragische Leben des K\u00fcnstlers. Erstmals liegt damit ein Werkverzeichnis H\u00f6fers vor.<\/p>\n<p>Am Sonntag, den 26.09.2010 um 14:30 findet die \u00f6ffentliche Buchpr\u00e4sentation des neuen Kataloges in der Museumsschriftenreihe zu Adolf H\u00f6fer im Neuen Stadtmuseum<br \/>\n    statt.<\/p>\n<p>Die Ausstellung zum Katalog wird gezeigt in der Galerie im Schlosspavillon Ismaning, 28.7-11.9 2011, Mittwoch bis Sonntag, 14:30 &#8211; 17:00 Uhr.<\/p>\n<p>Brehmer, Simone:<br \/>\nAufbruch in die Moderne.<br \/>\nAdolf H\u00f6fer \u2013 Retrospektive eines Scholle-Malers.<br \/>\n(Meggle-Freund, Margarete (Hrsg.):<br \/>Kunstgeschichtliches aus Landsberg am Lech; Bd. 53)<br \/>Landsberg Lech 2010, 72 S., 15 \u20ac.<br \/>Bezug \u00fcber das Neue Stadtmuseum.<\/p>\n","protected":false},"excerpt":{"rendered":"<p>Der Maler Adolf H\u00f6fer ist ein wichtiger Vertreter der M\u00fcnchner K\u00fcnstlergruppe \u201cDie Scholle\u201c. Die Scholle\u201c steht f\u00fcr den&nbsp; Aufbruch der Malerei um 1900 zur Moderne. Auf dem Kunstmarkt tauchten in den letzten Jahrzehnten nur wenige Werke unter dem Namen Adolf H\u00f6fers auf. So schien es, dass von ihm nur ein sehr kleines Oeuvre existiere. Die [&hellip;]<\/p>\n","protected":false},"author":1,"featured_media":859,"comment_status":"closed","ping_status":"closed","sticky":false,"template":"","format":"standard","meta":{"footnotes":""},"categories":[38],"tags":[],"class_list":["post-860","post","type-post","status-publish","format-standard","has-post-thumbnail","hentry","category-c72-aktuelles"],"_links":{"self":[{"href":"https:\/\/margarete.meggle-freund.de\/index.php?rest_route=\/wp\/v2\/posts\/860","targetHints":{"allow":["GET"]}}],"collection":[{"href":"https:\/\/margarete.meggle-freund.de\/index.php?rest_route=\/wp\/v2\/posts"}],"about":[{"href":"https:\/\/margarete.meggle-freund.de\/index.php?rest_route=\/wp\/v2\/types\/post"}],"author":[{"embeddable":true,"href":"https:\/\/margarete.meggle-freund.de\/index.php?rest_route=\/wp\/v2\/users\/1"}],"replies":[{"embeddable":true,"href":"https:\/\/margarete.meggle-freund.de\/index.php?rest_route=%2Fwp%2Fv2%2Fcomments&post=860"}],"version-history":[{"count":10,"href":"https:\/\/margarete.meggle-freund.de\/index.php?rest_route=\/wp\/v2\/posts\/860\/revisions"}],"predecessor-version":[{"id":1428,"href":"https:\/\/margarete.meggle-freund.de\/index.php?rest_route=\/wp\/v2\/posts\/860\/revisions\/1428"}],"wp:featuredmedia":[{"embeddable":true,"href":"https:\/\/margarete.meggle-freund.de\/index.php?rest_route=\/wp\/v2\/media\/859"}],"wp:attachment":[{"href":"https:\/\/margarete.meggle-freund.de\/index.php?rest_route=%2Fwp%2Fv2%2Fmedia&parent=860"}],"wp:term":[{"taxonomy":"category","embeddable":true,"href":"https:\/\/margarete.meggle-freund.de\/index.php?rest_route=%2Fwp%2Fv2%2Fcategories&post=860"},{"taxonomy":"post_tag","embeddable":true,"href":"https:\/\/margarete.meggle-freund.de\/index.php?rest_route=%2Fwp%2Fv2%2Ftags&post=860"}],"curies":[{"name":"wp","href":"https:\/\/api.w.org\/{rel}","templated":true}]}}