{"id":825,"date":"2007-12-07T00:00:00","date_gmt":"2007-12-07T00:00:00","guid":{"rendered":"http:\/\/h2214820.stratoserver.net\/?p=825"},"modified":"2014-01-23T22:33:51","modified_gmt":"2014-01-23T22:33:51","slug":"migration-als-ausstellungsthema","status":"publish","type":"post","link":"https:\/\/margarete.meggle-freund.de\/?p=825","title":{"rendered":"Migration als Ausstellungsthema"},"content":{"rendered":"<p><img class=\"alignleft\" alt=\"migration.jpg\" border=\"0\" src=\n\"wp-content\/uploads\/2007\/12\/migration.jpg\"\ntitle=\"migration.jpg\"><\/p>\n<p>Im Rahmen des Interdisziplin\u00e4ren Forschungs-<br \/>\nund Ausstellungsprojektes &#8222;Geschichte und Gegenwart der Einwanderung in M\u00fcnchen&#8220; in<br \/>\nZusammenarbeit von Historicum, dem <a href=\n\"http:\/\/www.volkskunde.uni-muenchen.de\/index.html\" target=\"_self\">Institut f\u00fcr<br \/>\nVolkskunde\/ Europ\u00e4ische Ethnologie<\/a> sowie dem <a href=\n\"http:\/\/www.ethnologie.lmu.de\/\" target=\"_self\">Institut f\u00fcr Ethnologie und<br \/>\nAfrikanistik<\/a> halte ich eine Einf\u00fchrung in das Thema &#8222;Migration als<br \/>\nAusstellungsthema zwischen sozialgeschichtlicher Inszenierung und<br \/>\nk\u00fcnstlerischer Performance&#8220;.<\/p>\n","protected":false},"excerpt":{"rendered":"<p>Im Rahmen des Interdisziplin\u00e4ren Forschungs- und Ausstellungsprojektes &#8222;Geschichte und Gegenwart der Einwanderung in M\u00fcnchen&#8220; in Zusammenarbeit von Historicum, dem Institut f\u00fcr Volkskunde\/ Europ\u00e4ische Ethnologie sowie dem Institut f\u00fcr Ethnologie und Afrikanistik halte ich eine Einf\u00fchrung in das Thema &#8222;Migration als Ausstellungsthema zwischen sozialgeschichtlicher Inszenierung und k\u00fcnstlerischer Performance&#8220;.<\/p>\n","protected":false},"author":1,"featured_media":824,"comment_status":"closed","ping_status":"closed","sticky":false,"template":"","format":"standard","meta":{"footnotes":""},"categories":[38],"tags":[],"class_list":["post-825","post","type-post","status-publish","format-standard","has-post-thumbnail","hentry","category-c72-aktuelles"],"_links":{"self":[{"href":"https:\/\/margarete.meggle-freund.de\/index.php?rest_route=\/wp\/v2\/posts\/825","targetHints":{"allow":["GET"]}}],"collection":[{"href":"https:\/\/margarete.meggle-freund.de\/index.php?rest_route=\/wp\/v2\/posts"}],"about":[{"href":"https:\/\/margarete.meggle-freund.de\/index.php?rest_route=\/wp\/v2\/types\/post"}],"author":[{"embeddable":true,"href":"https:\/\/margarete.meggle-freund.de\/index.php?rest_route=\/wp\/v2\/users\/1"}],"replies":[{"embeddable":true,"href":"https:\/\/margarete.meggle-freund.de\/index.php?rest_route=%2Fwp%2Fv2%2Fcomments&post=825"}],"version-history":[{"count":3,"href":"https:\/\/margarete.meggle-freund.de\/index.php?rest_route=\/wp\/v2\/posts\/825\/revisions"}],"predecessor-version":[{"id":1307,"href":"https:\/\/margarete.meggle-freund.de\/index.php?rest_route=\/wp\/v2\/posts\/825\/revisions\/1307"}],"wp:featuredmedia":[{"embeddable":true,"href":"https:\/\/margarete.meggle-freund.de\/index.php?rest_route=\/wp\/v2\/media\/824"}],"wp:attachment":[{"href":"https:\/\/margarete.meggle-freund.de\/index.php?rest_route=%2Fwp%2Fv2%2Fmedia&parent=825"}],"wp:term":[{"taxonomy":"category","embeddable":true,"href":"https:\/\/margarete.meggle-freund.de\/index.php?rest_route=%2Fwp%2Fv2%2Fcategories&post=825"},{"taxonomy":"post_tag","embeddable":true,"href":"https:\/\/margarete.meggle-freund.de\/index.php?rest_route=%2Fwp%2Fv2%2Ftags&post=825"}],"curies":[{"name":"wp","href":"https:\/\/api.w.org\/{rel}","templated":true}]}}