{"id":2425,"date":"2020-04-22T15:23:07","date_gmt":"2020-04-22T15:23:07","guid":{"rendered":"https:\/\/margarete.meggle-freund.de\/?p=2425"},"modified":"2021-05-26T14:16:46","modified_gmt":"2021-05-26T14:16:46","slug":"feigen-apfel-schnee-mit-buchweizen","status":"publish","type":"post","link":"https:\/\/margarete.meggle-freund.de\/?p=2425","title":{"rendered":"Feigen-Apfel-Schnee mit Buchweizen"},"content":{"rendered":"<h1>Feigen-Apfel-Schnee mit Buchweizen<\/h1>\n<h1>Die \u00d6kobewegung entdeckt eine alte Kulturpflanze neu<\/h1>\n<div>\n<p>Eine nussige Geschmacksvariante zum allt\u00e4glichen Weizen bietet der Buchweizen. Die wei\u00df bl\u00fchende Pflanze w\u00e4chst auch im Fr\u00e4nkischen Freilandmuseums des Bezirks Mittelfranken. Sie wird in einem typischen Rezept aus der \u00d6kologiebewegung der 1980er Jahre verarbeitet.<\/p>\n<\/div>\n<h4>Buchweizen, ein Kn\u00f6terichgew\u00e4chs<\/h4>\n<div>\n<p>Eigentlich ist Buchweizen kein Getreide, sondern ein Kn\u00f6terichgew\u00e4chs. Weil man seine Samen wie Getreide zu Mehl, Gries und Gr\u00fctze verarbeiten kann, wurde er lange f\u00fcr ein Getreide gehalten. Er enth\u00e4lt kein Gluten (Klebereiwei\u00df) und eignet sich deshalb als Getreideersatz f\u00fcr Menschen, die an Z\u00f6liakie oder Sprue leiden. Die typisch dreikantigen Fr\u00fcchte des Buchweizens erinnern an Bucheckern, die Samen der Buche. Von diesen hat er auch seinen Namen. In Franken wurde er auch \u201eHeidel\u201c genannt. Urspr\u00fcnglich aus Nordchina stammend, kam die Pflanze im 14. Jahrhundert \u00fcber Ru\u00dfland nach Deutschland. Sie diente als Zwischenfrucht beim Getreideanbau. In Franken ist Buchweizen schon in dieser Zeit auf Neurodungen nachgewiesen. Auch vom Kieslingshof, dem Versorgungsgut des N\u00fcrnberger Heilig Geist Spitals, wei\u00df man, dass dort Buchweizen angebaut wurde. Johann Kaspar Bundschuh hebt 1806 in seiner Geschichte in Franken den Ort Burkardroth in der R\u00f6hn hervor: \u201eBurkardroth ist seiner G\u00e4nsezucht, Heidel und Hafergrieses wegen in der Maingegend bekannt.\u201c Buchweizen galt als Arme-Leute-Essen. Im 19. Jahrhundert wird der Buchweizen von der Kartoffel abgel\u00f6st, die ebenso auf n\u00e4hrstoff\u00e4rmeren B\u00f6den gedeiht, die nicht so gut f\u00fcr den Getreideanbau geeignet waren. Die \u00d6kobewegung der 1980er Jahre hat das gesunde \u201eKorn\u201c wiederentdeckt. Heute wird in Franken vereinzelt wieder Buchweizen angebaut.<\/p>\n<\/div>\n<div>\n<p>        <img decoding=\"async\" src=\"\/wp-content\/uploads\/2021\/02\/csm_Buchweizen_im_Fraenkischen_Freilandmuseum_Fagopyrum_esculentum__Foto_Renater_Baernthol_gkl_915d53dbb4.jpg\" alt=\"\"><\/p>\n<div>\n<p><i>Buchweizen (Fagopyrum esculentum) angebaut im Fr\u00e4nkischen Freilandmuseum, Foto Renate B\u00e4rnthol<\/i><\/p>\n<\/div>\n<\/div>\n<h4>Feigen-Apfel-Schnee<\/h4>\n<div>\n<p>        <img decoding=\"async\" src=\"\/wp-content\/uploads\/2021\/02\/csm_Feigen-Apfel-Schnee__Foto_Margarete_Meggle-Freund_Fraenkisches_Freilandmuseum__gkl_be375f6e3f.jpg\" alt=\"\"><\/p>\n<div>\n<p><i>Feigen-Apfel-Schnee mit Buchweizen, Foto Margarete Meggle-Freund<\/i><\/p>\n<\/div>\n<\/div>\n<div>\n<p>Die hier vorgestellte Nachspeise ist ein typisches Rezept aus der \u00d6kologiebewegung der 1980er Jahre. In dieser Zeit gab es ein neues Interesse an einer \u201enaturnahen\u201c Lebensweise und f\u00fcr das Landleben. Es wurde schick, alte Bauernh\u00e4user zu sanieren. Als Gegenbewegung zur Zerst\u00f6rung vieler l\u00e4ndlicher Bauten, wurden Freilichtmuseen gegr\u00fcndet, um historische Geb\u00e4ude zu retten. 1982 er\u00f6ffnete das Fr\u00e4nkische Freilandmuseum und erlebte einen rasanten Aufschwung. Ein Traum f\u00fcr viele \u201e\u00d6kos\u201c dieser Zeit war das eigene Haus mit Garten und viel sichtbarem Holz. Handget\u00f6pferte Keramik, gerne auch selbstgemacht aus dem T\u00f6pferkurs \u2013 besonders beliebt in blau \u2013 stand f\u00fcr einen \u00f6kologischen Lebensstil. Feigen-Apfel-Schnee ist ein einfaches, schnell zubereitetes und auch gesundes winterliches Dessert. Es schmeckt nicht nur, sondern f\u00f6rdert zudem die Verdauung.<\/p>\n<p>F\u00fcr 4 Personen ben\u00f6tigt man: 2 gro\u00dfe s\u00fc\u00df-s\u00e4uerliche \u00c4pfel (am sch\u00f6nsten sehen rote aus), 6 getrocknete Feigen (wenn sie hart sind, vorher einige Stunden in Wasser eingeweicht), 200 ml Sahne, 4 Essl\u00f6ffel Buchweizenk\u00f6rner und Zimt.<\/p>\n<p>Die Buchweizenk\u00f6rner werden in einer Pfanne ohne Fett anger\u00f6stet, bis sie aromatisch duften. Die Feigen werden in feine Streifen geschnitten. Die \u00c4pfel werden gut gewaschen und dann mit der K\u00fcchenreibe grob geraspelt, bis nur noch das Kernhaus \u00fcbrig bleibt. Die geschnittenen Feigen werden zu den \u00c4pfeln geben und mit Sahne \u00fcbergossen. Auf die Frucht-Sahne-Mischung wird etwas Zimt und der ger\u00f6steten Buchweizen gestreut.<\/p>\n<\/div>\n<p><a href=\"https:\/\/freilandmuseum.de\"><img decoding=\"async\" src=\"\/wp-content\/uploads\/2021\/02\/freilandmuseum_badwindsheim_signet_RGB_gross-1.jpg\" alt=\"\"><\/a><\/p>\n<div>\n<p>In meiner<a href=\"https:\/\/margarete.meggle-freund.de\/?page_id=1950\"> Kulinarikserie<\/a> des<a href=\"https:\/\/freilandmuseum.de\/\"> Fr\u00e4nkischen\u00a0 Freilandmuseum Bad Windsheim<\/a>\u00a0finden sich alte und erneuerte Rezepte mit Zutaten aus Franken, einfach und allt\u00e4glich, oder auch einmal aufwendigere, kreative Rezepte mit kulturhistorischem Hintergrund.<\/p>\n<\/div>\n<p><!-- {\"name\":\"Kulinarik 3\",\"type\":\"layout\",\"children\":[{\"type\":\"section\",\"props\":{\"style\":\"default\",\"width\":\"default\",\"vertical_align\":\"middle\",\"title_position\":\"top-left\",\"title_rotation\":\"left\",\"title_breakpoint\":\"xl\",\"image_position\":\"center-center\"},\"children\":[{\"type\":\"row\",\"children\":[{\"type\":\"column\",\"props\":{\"image_position\":\"center-center\",\"media_overlay_gradient\":\"\"},\"children\":[{\"type\":\"headline\",\"props\":{\"title_element\":\"h1\",\"content\":\"Feigen-Apfel-Schnee mit Buchweizen\",\"margin_remove_bottom\":false}},{\"type\":\"headline\",\"props\":{\"title_element\":\"h1\",\"content\":\"Die \\u00d6kobewegung entdeckt eine alte Kulturpflanze neu\",\"title_style\":\"h3\",\"margin_remove_top\":true}},{\"type\":\"text\",\"props\":{\"margin\":\"default\",\"column_breakpoint\":\"m\",\"content\":\"\n\n<p>Eine nussige Geschmacksvariante zum allt\\u00e4glichen Weizen bietet der Buchweizen. Die wei\\u00df bl\\u00fchende Pflanze w\\u00e4chst auch im Fr\\u00e4nkischen Freilandmuseums des Bezirks Mittelfranken. Sie wird in einem typischen Rezept aus der \\u00d6kologiebewegung der 1980er Jahre verarbeitet.<\\\/p>\"}}]}]},{\"type\":\"row\",\"children\":[{\"type\":\"column\",\"props\":{\"image_position\":\"center-center\",\"media_overlay_gradient\":\"\"},\"children\":[{\"type\":\"headline\",\"props\":{\"title_element\":\"h4\",\"content\":\"Buchweizen, ein Kn\\u00f6terichgew\\u00e4chs\"}}]}]},{\"type\":\"row\",\"props\":{\"layout\":\"3-5,2-5\"},\"children\":[{\"type\":\"column\",\"props\":{\"image_position\":\"center-center\",\"media_overlay_gradient\":\"\",\"width_medium\":\"3-5\"},\"children\":[{\"type\":\"text\",\"props\":{\"margin\":\"default\",\"column_breakpoint\":\"m\",\"content\":\"\n\n<p>Eigentlich ist Buchweizen kein Getreide, sondern ein Kn\\u00f6terichgew\\u00e4chs. Weil man seine Samen wie Getreide zu Mehl, Gries und Gr\\u00fctze verarbeiten kann, wurde er lange f\\u00fcr ein Getreide gehalten. Er enth\\u00e4lt kein Gluten (Klebereiwei\\u00df) und eignet sich deshalb als Getreideersatz f\\u00fcr Menschen, die an Z\\u00f6liakie oder Sprue leiden. Die typisch dreikantigen Fr\\u00fcchte des Buchweizens erinnern an Bucheckern, die Samen der Buche. Von diesen hat er auch seinen Namen. In Franken wurde er auch \\u201eHeidel\\u201c genannt. Urspr\\u00fcnglich aus Nordchina stammend, kam die Pflanze im 14. Jahrhundert \\u00fcber Ru\\u00dfland nach Deutschland. Sie diente als Zwischenfrucht beim Getreideanbau. In Franken ist Buchweizen schon in dieser Zeit auf Neurodungen nachgewiesen. Auch vom Kieslingshof, dem Versorgungsgut des N\\u00fcrnberger Heilig Geist Spitals, wei\\u00df man, dass dort Buchweizen angebaut wurde. Johann Kaspar Bundschuh hebt 1806 in seiner Geschichte in Franken den Ort Burkardroth in der R\\u00f6hn hervor: \\u201eBurkardroth ist seiner G\\u00e4nsezucht, Heidel und Hafergrieses wegen in der Maingegend bekannt.\\u201c Buchweizen galt als Arme-Leute-Essen. Im 19. Jahrhundert wird der Buchweizen von der Kartoffel abgel\\u00f6st, die ebenso auf n\\u00e4hrstoff\\u00e4rmeren B\\u00f6den gedeiht, die nicht so gut f\\u00fcr den Getreideanbau geeignet waren. Die \\u00d6kobewegung der 1980er Jahre hat das gesunde \\u201eKorn\\u201c wiederentdeckt. Heute wird in Franken vereinzelt wieder Buchweizen angebaut.<\\\/p>\"}}]},{\"type\":\"column\",\"props\":{\"image_position\":\"center-center\",\"media_overlay_gradient\":\"\",\"width_medium\":\"2-5\"},\"children\":[{\"type\":\"panel\",\"props\":{\"link_text\":\"Read more\",\"title_hover_style\":\"reset\",\"title_element\":\"h3\",\"title_align\":\"top\",\"title_grid_width\":\"1-2\",\"title_grid_breakpoint\":\"m\",\"meta_style\":\"meta\",\"meta_align\":\"below-title\",\"meta_element\":\"div\",\"content_column_breakpoint\":\"m\",\"icon_width\":80,\"image_align\":\"top\",\"image_grid_width\":\"1-2\",\"image_grid_breakpoint\":\"m\",\"image_svg_color\":\"emphasis\",\"link_style\":\"default\",\"margin\":\"default\",\"content\":\"\n\n<p><i>Buchweizen (Fagopyrum esculentum) angebaut im Fr\\u00e4nkischen Freilandmuseum, Foto Renate B\\u00e4rnthol<\\\/i><\\\/p>\",\"image\":\"wp-content\\\/uploads\\\/2021\\\/02\\\/csm_Buchweizen_im_Fraenkischen_Freilandmuseum_Fagopyrum_esculentum__Foto_Renater_Baernthol_gkl_915d53dbb4.jpg\",\"panel_style\":\"card-default\"},\"name\":\"Buchweizen (Fagopyrum esculentum) angebaut im Fr\\u00e4nkischen Freilandmuseum\"}]}]}]},{\"type\":\"section\",\"props\":{\"style\":\"muted\",\"width\":\"default\",\"vertical_align\":\"middle\",\"title_position\":\"top-left\",\"title_rotation\":\"left\",\"title_breakpoint\":\"xl\",\"image_position\":\"center-center\"},\"children\":[{\"type\":\"row\",\"props\":{\"layout\":\"3-5,2-5\"},\"children\":[{\"type\":\"column\",\"props\":{\"image_position\":\"center-center\",\"media_overlay_gradient\":\"\",\"width_medium\":\"3-5\"},\"children\":[{\"type\":\"headline\",\"props\":{\"title_element\":\"h4\",\"content\":\"Feigen-Apfel-Schnee\"}},{\"type\":\"panel\",\"props\":{\"link_text\":\"Read more\",\"title_hover_style\":\"reset\",\"title_element\":\"h3\",\"title_align\":\"top\",\"title_grid_width\":\"1-2\",\"title_grid_breakpoint\":\"m\",\"meta_style\":\"meta\",\"meta_align\":\"below-title\",\"meta_element\":\"div\",\"content_column_breakpoint\":\"m\",\"icon_width\":80,\"image_align\":\"top\",\"image_grid_width\":\"1-2\",\"image_grid_breakpoint\":\"m\",\"image_svg_color\":\"emphasis\",\"link_style\":\"default\",\"margin\":\"default\",\"content\":\"\n\n<p><i>Feigen-Apfel-Schnee mit Buchweizen, Foto Margarete Meggle-Freund<\\\/i><\\\/p>\",\"image\":\"wp-content\\\/uploads\\\/2021\\\/02\\\/csm_Feigen-Apfel-Schnee__Foto_Margarete_Meggle-Freund_Fraenkisches_Freilandmuseum__gkl_be375f6e3f.jpg\",\"panel_style\":\"card-default\"},\"name\":\"Feigen-Apfel-Schnee mit Buchweizen\"},{\"type\":\"text\",\"props\":{\"margin\":\"default\",\"column_breakpoint\":\"m\",\"content\":\"\n\n<p>Die hier vorgestellte Nachspeise ist ein typisches Rezept aus der \\u00d6kologiebewegung der 1980er Jahre. In dieser Zeit gab es ein neues Interesse an einer \\u201enaturnahen\\u201c Lebensweise und f\\u00fcr das Landleben. Es wurde schick, alte Bauernh\\u00e4user zu sanieren. Als Gegenbewegung zur Zerst\\u00f6rung vieler l\\u00e4ndlicher Bauten, wurden Freilichtmuseen gegr\\u00fcndet, um historische Geb\\u00e4ude zu retten. 1982 er\\u00f6ffnete das Fr\\u00e4nkische Freilandmuseum und erlebte einen rasanten Aufschwung. Ein Traum f\\u00fcr viele \\u201e\\u00d6kos\\u201c dieser Zeit war das eigene Haus mit Garten und viel sichtbarem Holz. Handget\\u00f6pferte Keramik, gerne auch selbstgemacht aus dem T\\u00f6pferkurs \\u2013 besonders beliebt in blau \\u2013 stand f\\u00fcr einen \\u00f6kologischen Lebensstil. Feigen-Apfel-Schnee ist ein einfaches, schnell zubereitetes und auch gesundes winterliches Dessert. Es schmeckt nicht nur, sondern f\\u00f6rdert zudem die Verdauung.<\\\/p>\\n\n\n<p>F\\u00fcr 4 Personen ben\\u00f6tigt man: 2 gro\\u00dfe s\\u00fc\\u00df-s\\u00e4uerliche \\u00c4pfel (am sch\\u00f6nsten sehen rote aus), 6 getrocknete Feigen (wenn sie hart sind, vorher einige Stunden in Wasser eingeweicht), 200 ml Sahne, 4 Essl\\u00f6ffel Buchweizenk\\u00f6rner und Zimt.<\\\/p>\\n\n\n<p>Die Buchweizenk\\u00f6rner werden in einer Pfanne ohne Fett anger\\u00f6stet, bis sie aromatisch duften. Die Feigen werden in feine Streifen geschnitten. Die \\u00c4pfel werden gut gewaschen und dann mit der K\\u00fcchenreibe grob geraspelt, bis nur noch das Kernhaus \\u00fcbrig bleibt. Die geschnittenen Feigen werden zu den \\u00c4pfeln geben und mit Sahne \\u00fcbergossen. Auf die Frucht-Sahne-Mischung wird etwas Zimt und der ger\\u00f6steten Buchweizen gestreut.<\\\/p>\"}}]},{\"type\":\"column\",\"props\":{\"image_position\":\"center-center\",\"media_overlay_gradient\":\"\",\"width_medium\":\"2-5\"},\"children\":[]}]}]},{\"type\":\"section\",\"props\":{\"style\":\"default\",\"width\":\"default\",\"vertical_align\":\"middle\",\"title_position\":\"top-left\",\"title_rotation\":\"left\",\"title_breakpoint\":\"xl\",\"image_position\":\"center-center\"},\"children\":[{\"type\":\"row\",\"props\":{\"layout\":\"1-5,3-5,1-5\"},\"children\":[{\"type\":\"column\",\"props\":{\"image_position\":\"center-center\",\"media_overlay_gradient\":\"\",\"width_medium\":\"1-5\"},\"children\":[{\"type\":\"image\",\"props\":{\"margin\":\"default\",\"image_svg_color\":\"emphasis\",\"image\":\"wp-content\\\/uploads\\\/2021\\\/02\\\/freilandmuseum_badwindsheim_signet_RGB_gross-1.jpg\",\"link\":\"https:\\\/\\\/freilandmuseum.de\"}}]},{\"type\":\"column\",\"props\":{\"image_position\":\"center-center\",\"media_overlay_gradient\":\"\",\"width_medium\":\"3-5\"},\"children\":[{\"type\":\"text\",\"props\":{\"margin\":\"default\",\"column_breakpoint\":\"m\",\"content\":\"\n\n<p>In meiner<a href=\\\"https:\\\/\\\/margarete.meggle-freund.de\\\/?page_id=1950\\\"> Kulinarikserie<\\\/a> des<a href=\\\"https:\\\/\\\/freilandmuseum.de\\\/\\\"> Fr\\u00e4nkischen\\u00a0 Freilandmuseum Bad Windsheim<\\\/a>\\u00a0finden sich alte und erneuerte Rezepte mit Zutaten aus Franken, einfach und allt\\u00e4glich, oder auch einmal aufwendigere, kreative Rezepte mit kulturhistorischem Hintergrund.<\\\/p>\"}}]},{\"type\":\"column\",\"props\":{\"image_position\":\"center-center\",\"media_overlay_gradient\":\"\",\"width_medium\":\"1-5\"},\"children\":[]}]}]}],\"version\":\"2.3.32\"} --><\/p>\n","protected":false},"excerpt":{"rendered":"<div class=\"uk-panel\">\n    <a href=\"https:\/\/margarete.meggle-freund.de\/?p=2425\"><img loading=\"lazy\" decoding=\"async\" class=\"uk-align-left uk-margin-remove-adjacent\" src=\"wp-content\/uploads\/2021\/02\/csm_Feigen-Apfel-Schnee__Foto_Margarete_Meggle-Freund_Fraenkisches_Freilandmuseum__gkl_be375f6e3f.jpg\" width=\"225\" height=\"150\" alt=\"Example image\"><\/a><\/p>\n<p>Eine nussige Geschmacksvariante zum allt\u00e4glichen Weizen bietet der Buchweizen. Die wei\u00df bl\u00fchende Pflanze w\u00e4chst auch im Fr\u00e4nkischen Freilandmuseums des Bezirks Mittelfranken. Sie wird in einem typischen Rezept aus der \u00d6kologiebewegung der 1980er Jahre verarbeitet.<\/p>\n<\/div>\n","protected":false},"author":1,"featured_media":0,"comment_status":"closed","ping_status":"closed","sticky":false,"template":"","format":"standard","meta":{"footnotes":""},"categories":[39,1],"tags":[],"class_list":["post-2425","post","type-post","status-publish","format-standard","hentry","category-kulinarik","category-uncategorized"],"_links":{"self":[{"href":"https:\/\/margarete.meggle-freund.de\/index.php?rest_route=\/wp\/v2\/posts\/2425","targetHints":{"allow":["GET"]}}],"collection":[{"href":"https:\/\/margarete.meggle-freund.de\/index.php?rest_route=\/wp\/v2\/posts"}],"about":[{"href":"https:\/\/margarete.meggle-freund.de\/index.php?rest_route=\/wp\/v2\/types\/post"}],"author":[{"embeddable":true,"href":"https:\/\/margarete.meggle-freund.de\/index.php?rest_route=\/wp\/v2\/users\/1"}],"replies":[{"embeddable":true,"href":"https:\/\/margarete.meggle-freund.de\/index.php?rest_route=%2Fwp%2Fv2%2Fcomments&post=2425"}],"version-history":[{"count":8,"href":"https:\/\/margarete.meggle-freund.de\/index.php?rest_route=\/wp\/v2\/posts\/2425\/revisions"}],"predecessor-version":[{"id":2596,"href":"https:\/\/margarete.meggle-freund.de\/index.php?rest_route=\/wp\/v2\/posts\/2425\/revisions\/2596"}],"wp:attachment":[{"href":"https:\/\/margarete.meggle-freund.de\/index.php?rest_route=%2Fwp%2Fv2%2Fmedia&parent=2425"}],"wp:term":[{"taxonomy":"category","embeddable":true,"href":"https:\/\/margarete.meggle-freund.de\/index.php?rest_route=%2Fwp%2Fv2%2Fcategories&post=2425"},{"taxonomy":"post_tag","embeddable":true,"href":"https:\/\/margarete.meggle-freund.de\/index.php?rest_route=%2Fwp%2Fv2%2Ftags&post=2425"}],"curies":[{"name":"wp","href":"https:\/\/api.w.org\/{rel}","templated":true}]}}